{"id":1,"date":"2020-12-04T14:54:48","date_gmt":"2020-12-04T14:54:48","guid":{"rendered":"http:\/\/localhost.artandpractice\/?p=1"},"modified":"2021-02-01T14:58:50","modified_gmt":"2021-02-01T22:58:50","slug":"meet-allan-dicastro-of-art-practice-in-leimert-park","status":"publish","type":"post","link":"https:\/\/www.artandpractice.org\/es\/news\/meet-allan-dicastro-of-art-practice-in-leimert-park\/","title":{"rendered":"Conoce a Allan DiCastro de Art + Practice en Leimert Park"},"content":{"rendered":"<p>Hoy nos gustar\u00eda presentarles a Allan DiCastro.<\/p>\n\n\n\n<p><strong>Gracias por compartir tu historia con nosotros Allan. Entonces, comencemos por el principio y podemos continuar desde all\u00ed.<\/strong> En 2004, Art + Practice comenz\u00f3 como una discusi\u00f3n entre la fil\u00e1ntropa y coleccionista Eileen Harris Norton, el artista Mark Bradford y yo. Quer\u00edamos establecer un espacio de exposici\u00f3n en el sur de Los \u00c1ngeles donde la comunidad pudiera experimentar el arte contempor\u00e1neo gratuito curado por un museo. Tambi\u00e9n quer\u00edamos apoyar a la poblaci\u00f3n local necesitada. Nos tom\u00f3 un tiempo decidir a qu\u00e9 poblaci\u00f3n apoyar\u00edamos. A trav\u00e9s de la investigaci\u00f3n, decidimos abordar las necesidades de los j\u00f3venes de crianza temporal en edad de transici\u00f3n que viven en el sur de Los \u00c1ngeles.<\/p>\n\n\n\n<p>Los objetivos generales siempre han sido la exposici\u00f3n y el acceso.<\/p>\n\n\n\n<p><strong>\u00bfHa sido un camino suave?<\/strong> Una de las dificultades es que hemos tenido que cambiar de marcha y adaptarnos algunas veces a las lecciones aprendidas a lo largo del camino. Por ejemplo, inicialmente planeamos albergar los programas de j\u00f3venes de crianza temporal de A + P en una tienda peque\u00f1a y bastante p\u00fablica en Leimert Park, pero a medida que fuimos m\u00e1s informados sobre el tama\u00f1o del problema de los cuidados de crianza temporal en el condado de Los \u00c1ngeles, A + P estableci\u00f3 el programa en un espacio m\u00e1s grande y privado. De manera similar, tambi\u00e9n hab\u00edamos imaginado un espacio de exhibici\u00f3n m\u00e1s peque\u00f1o, pero cuando se nos present\u00f3 la oportunidad de comprar otro edificio, decidimos expandir el espacio de exhibici\u00f3n a un nuevo espacio, en W.43rd Place y Degnan Boulevard, que se inaugur\u00f3 en noviembre de 2016.<\/p>\n\n\n\n<p>Lee el art\u00edculo completo <strong><a href=\"http:\/\/voyagela.com\/interview\/meet-art-practice-leimert-park\/\">aqu\u00ed<\/a><\/strong>.<\/p>","protected":false},"excerpt":{"rendered":"<p>Today we\u2019d like to introduce you to Allan DiCastro. Thanks for sharing your story with us Allan. So, let\u2019s start at the beginning and we can move on from there. In 2004, Art + Practice started as a discussion between philanthropist and collector Eileen Harris Norton, artist Mark Bradford and myself. We wanted to establish [&hellip;]<\/p>\n","protected":false},"author":1,"featured_media":0,"comment_status":"open","ping_status":"open","sticky":false,"template":"","format":"standard","meta":{"_acf_changed":false,"footnotes":""},"categories":[2,1],"tags":[],"class_list":["post-1","post","type-post","status-publish","format-standard","hentry","category-leimert-park","category-uncategorized"],"acf":[],"_links":{"self":[{"href":"https:\/\/www.artandpractice.org\/es\/wp-json\/wp\/v2\/posts\/1","targetHints":{"allow":["GET"]}}],"collection":[{"href":"https:\/\/www.artandpractice.org\/es\/wp-json\/wp\/v2\/posts"}],"about":[{"href":"https:\/\/www.artandpractice.org\/es\/wp-json\/wp\/v2\/types\/post"}],"author":[{"embeddable":true,"href":"https:\/\/www.artandpractice.org\/es\/wp-json\/wp\/v2\/users\/1"}],"replies":[{"embeddable":true,"href":"https:\/\/www.artandpractice.org\/es\/wp-json\/wp\/v2\/comments?post=1"}],"version-history":[{"count":4,"href":"https:\/\/www.artandpractice.org\/es\/wp-json\/wp\/v2\/posts\/1\/revisions"}],"predecessor-version":[{"id":442,"href":"https:\/\/www.artandpractice.org\/es\/wp-json\/wp\/v2\/posts\/1\/revisions\/442"}],"wp:attachment":[{"href":"https:\/\/www.artandpractice.org\/es\/wp-json\/wp\/v2\/media?parent=1"}],"wp:term":[{"taxonomy":"category","embeddable":true,"href":"https:\/\/www.artandpractice.org\/es\/wp-json\/wp\/v2\/categories?post=1"},{"taxonomy":"post_tag","embeddable":true,"href":"https:\/\/www.artandpractice.org\/es\/wp-json\/wp\/v2\/tags?post=1"}],"curies":[{"name":"wp","href":"https:\/\/api.w.org\/{rel}","templated":true}]}}